{"id":168,"date":"2026-08-19T22:42:45","date_gmt":"2026-08-19T22:42:45","guid":{"rendered":"https:\/\/kontornu.com\/?p=168"},"modified":"2026-08-23T03:53:36","modified_gmt":"2026-08-23T03:53:36","slug":"kontornu-dance-camp-2027","status":"publish","type":"post","link":"https:\/\/kontornu.com\/?p=168","title":{"rendered":"Kontornu Dance Camp 2027"},"content":{"rendered":"\n<figure class=\"wp-block-image aligncenter size-large is-resized\"><img fetchpriority=\"high\" decoding=\"async\" width=\"819\" height=\"1024\" src=\"https:\/\/kontornu.com\/wp-content\/uploads\/2026\/08\/WhatsApp-Image-2026-07-21-at-17.52.06-819x1024.jpeg\" alt=\"\" class=\"wp-image-169\" style=\"width:526px;height:auto\" srcset=\"https:\/\/kontornu.com\/wp-content\/uploads\/2026\/08\/WhatsApp-Image-2026-07-21-at-17.52.06-819x1024.jpeg 819w, https:\/\/kontornu.com\/wp-content\/uploads\/2026\/08\/WhatsApp-Image-2026-07-21-at-17.52.06-240x300.jpeg 240w, https:\/\/kontornu.com\/wp-content\/uploads\/2026\/08\/WhatsApp-Image-2026-07-21-at-17.52.06-600x750.jpeg 600w, https:\/\/kontornu.com\/wp-content\/uploads\/2026\/08\/WhatsApp-Image-2026-07-21-at-17.52.06.jpeg 1080w\" sizes=\"(max-width: 819px) 100vw, 819px\" \/><\/figure>\n\n\n<p><\/p>\n<p class=\"wp-block-paragraph\" style=\"text-align: justify;\">O\u00a0<strong>Dance Camp<\/strong>\u00a0\u00e9 um espa\u00e7o imersivo de resid\u00eancia art\u00edstica, forma\u00e7\u00e3o intensiva, pesquisa corporal e interc\u00e2mbio cultural. Proporciona aos participantes uma imers\u00e3o profunda nos ritmos tradicionais e contempor\u00e2neos de Cabo Verde, combinados com oficinas de dan\u00e7a e artes performativas ministradas por formadores de refer\u00eancia.<\/p>\n<p style=\"text-align: justify;\">\n\n<\/p>\n<ul class=\"wp-block-list\" style=\"text-align: justify;\">\n<li><strong>Perfil dos candidatos:<\/strong>\u00a0Dan\u00e7arinos, performers, estudantes de dan\u00e7a e criadores de movimento de todas as origens.<\/li>\n\n\n\n<li><strong>Objetivo:<\/strong>\u00a0Vivenciar uma experi\u00eancia art\u00edstica e cultural transformadora no cen\u00e1rio \u00fanico de Cabo Verde.<\/li>\n<\/ul>\n<p style=\"text-align: justify;\">\n\n<\/p>\n<p class=\"wp-block-paragraph\" style=\"text-align: justify;\">As candidaturas est\u00e3o abertas e as vagas s\u00e3o limitadas.\u00a0\u00a0<br \/>Se procuras aprofundar a tua t\u00e9cnica, explorar novas linguagens corporais e conectar-te com a energia e cultura vibrante de Cabo Verde atrav\u00e9s da dan\u00e7a, esta \u00e9 a tua oportunidade!Vem transformar o teu movimento no ritmo de Cabo Verde!<\/p>\n<p style=\"text-align: justify;\">\n\n<\/p>\n<p class=\"wp-block-paragraph\" style=\"text-align: justify;\">Consulta os detalhes e submete a tua inscri\u00e7\u00e3o no link oficial:<\/p>\n<p><\/p>\n\n\n<div class=\"wp-block-buttons is-layout-flex wp-block-buttons-is-layout-flex\">\n<div class=\"wp-block-button\"><a class=\"wp-block-button__link has-background wp-element-button\" href=\"https:\/\/kontornufestival.weebly.com\/kontornu-dance-camp-open-call.html\" style=\"background-color:#e5253a\">Regulamento<\/a><\/div>\n\n\n\n<div class=\"wp-block-button\"><a class=\"wp-block-button__link has-background wp-element-button\" href=\"https:\/\/docs.google.com\/forms\/d\/e\/1FAIpQLSenhnERkw4HRQ2mYSP3vrPRGBCNAb4S8zjej6GxzSUhfJKopA\/viewform\" style=\"background-color:#e5253a\">Formul\u00e1rio de candidatura<\/a><\/div>\n<\/div>\n\n\n\n<p class=\"wp-block-paragraph\"><\/p>\n","protected":false},"excerpt":{"rendered":"<p>O\u00a0Dance Camp\u00a0\u00e9 um espa\u00e7o imersivo de resid\u00eancia art\u00edstica, forma\u00e7\u00e3o intensiva, pesquisa corporal e interc\u00e2mbio cultural. Proporciona aos participantes uma imers\u00e3o profunda nos ritmos tradicionais e contempor\u00e2neos de Cabo Verde, combinados com oficinas de dan\u00e7a e artes performativas ministradas por formadores de refer\u00eancia. As candidaturas est\u00e3o abertas e as vagas s\u00e3o limitadas.\u00a0\u00a0Se procuras aprofundar a tua t\u00e9cnica, explorar novas linguagens corporais e conectar-te com a energia e cultura vibrante de Cabo Verde atrav\u00e9s da dan\u00e7a, esta \u00e9 a tua oportunidade!Vem transformar o teu movimento no ritmo de Cabo Verde! Consulta os detalhes e submete a tua inscri\u00e7\u00e3o no link oficial:<\/p>\n","protected":false},"author":1,"featured_media":169,"comment_status":"closed","ping_status":"closed","sticky":false,"template":"","format":"standard","meta":{"_editorskit_title_hidden":false,"_editorskit_reading_time":0,"_editorskit_is_block_options_detached":false,"_editorskit_block_options_position":"{}","footnotes":""},"categories":[5],"tags":[],"class_list":["post-168","post","type-post","status-publish","format-standard","has-post-thumbnail","hentry","category-dance-camp"],"featured_media_urls":{"thumbnail":["https:\/\/kontornu.com\/wp-content\/uploads\/2026\/08\/WhatsApp-Image-2026-07-21-at-17.52.06-150x150.jpeg",150,150,true],"medium":["https:\/\/kontornu.com\/wp-content\/uploads\/2026\/08\/WhatsApp-Image-2026-07-21-at-17.52.06-240x300.jpeg",240,300,true],"medium_large":["https:\/\/kontornu.com\/wp-content\/uploads\/2026\/08\/WhatsApp-Image-2026-07-21-at-17.52.06.jpeg",768,960,false],"large":["https:\/\/kontornu.com\/wp-content\/uploads\/2026\/08\/WhatsApp-Image-2026-07-21-at-17.52.06-819x1024.jpeg",819,1024,true],"1536x1536":["https:\/\/kontornu.com\/wp-content\/uploads\/2026\/08\/WhatsApp-Image-2026-07-21-at-17.52.06.jpeg",1080,1350,false],"2048x2048":["https:\/\/kontornu.com\/wp-content\/uploads\/2026\/08\/WhatsApp-Image-2026-07-21-at-17.52.06.jpeg",1080,1350,false],"inspiro-featured-image":["https:\/\/kontornu.com\/wp-content\/uploads\/2026\/08\/WhatsApp-Image-2026-07-21-at-17.52.06.jpeg",1080,1350,false],"inspiro-loop":["https:\/\/kontornu.com\/wp-content\/uploads\/2026\/08\/WhatsApp-Image-2026-07-21-at-17.52.06-950x320.jpeg",950,320,true],"inspiro-loop@2x":["https:\/\/kontornu.com\/wp-content\/uploads\/2026\/08\/WhatsApp-Image-2026-07-21-at-17.52.06-1080x640.jpeg",1080,640,true],"portfolio_item-thumbnail":["https:\/\/kontornu.com\/wp-content\/uploads\/2026\/08\/WhatsApp-Image-2026-07-21-at-17.52.06-600x400.jpeg",600,400,true],"portfolio_item-thumbnail@2x":["https:\/\/kontornu.com\/wp-content\/uploads\/2026\/08\/WhatsApp-Image-2026-07-21-at-17.52.06-1080x800.jpeg",1080,800,true],"portfolio_item-masonry":["https:\/\/kontornu.com\/wp-content\/uploads\/2026\/08\/WhatsApp-Image-2026-07-21-at-17.52.06-600x750.jpeg",600,750,true],"portfolio_item-masonry@2x":["https:\/\/kontornu.com\/wp-content\/uploads\/2026\/08\/WhatsApp-Image-2026-07-21-at-17.52.06.jpeg",1080,1350,false],"portfolio_item-thumbnail_cinema":["https:\/\/kontornu.com\/wp-content\/uploads\/2026\/08\/WhatsApp-Image-2026-07-21-at-17.52.06-800x335.jpeg",800,335,true],"portfolio_item-thumbnail_portrait":["https:\/\/kontornu.com\/wp-content\/uploads\/2026\/08\/WhatsApp-Image-2026-07-21-at-17.52.06-600x900.jpeg",600,900,true],"portfolio_item-thumbnail_portrait@2x":["https:\/\/kontornu.com\/wp-content\/uploads\/2026\/08\/WhatsApp-Image-2026-07-21-at-17.52.06.jpeg",1080,1350,false],"portfolio_item-thumbnail_square":["https:\/\/kontornu.com\/wp-content\/uploads\/2026\/08\/WhatsApp-Image-2026-07-21-at-17.52.06-800x800.jpeg",800,800,true]},"_links":{"self":[{"href":"https:\/\/kontornu.com\/index.php?rest_route=\/wp\/v2\/posts\/168","targetHints":{"allow":["GET"]}}],"collection":[{"href":"https:\/\/kontornu.com\/index.php?rest_route=\/wp\/v2\/posts"}],"about":[{"href":"https:\/\/kontornu.com\/index.php?rest_route=\/wp\/v2\/types\/post"}],"author":[{"embeddable":true,"href":"https:\/\/kontornu.com\/index.php?rest_route=\/wp\/v2\/users\/1"}],"replies":[{"embeddable":true,"href":"https:\/\/kontornu.com\/index.php?rest_route=%2Fwp%2Fv2%2Fcomments&post=168"}],"version-history":[{"count":3,"href":"https:\/\/kontornu.com\/index.php?rest_route=\/wp\/v2\/posts\/168\/revisions"}],"predecessor-version":[{"id":399,"href":"https:\/\/kontornu.com\/index.php?rest_route=\/wp\/v2\/posts\/168\/revisions\/399"}],"wp:featuredmedia":[{"embeddable":true,"href":"https:\/\/kontornu.com\/index.php?rest_route=\/wp\/v2\/media\/169"}],"wp:attachment":[{"href":"https:\/\/kontornu.com\/index.php?rest_route=%2Fwp%2Fv2%2Fmedia&parent=168"}],"wp:term":[{"taxonomy":"category","embeddable":true,"href":"https:\/\/kontornu.com\/index.php?rest_route=%2Fwp%2Fv2%2Fcategories&post=168"},{"taxonomy":"post_tag","embeddable":true,"href":"https:\/\/kontornu.com\/index.php?rest_route=%2Fwp%2Fv2%2Ftags&post=168"}],"curies":[{"name":"wp","href":"https:\/\/api.w.org\/{rel}","templated":true}]}}