{"id":191,"date":"2026-08-19T23:59:54","date_gmt":"2026-08-19T23:59:54","guid":{"rendered":"https:\/\/kontornu.com\/?p=191"},"modified":"2026-08-24T17:28:30","modified_gmt":"2026-08-24T17:28:30","slug":"festival-kontronu-5a-edicao-2027","status":"publish","type":"post","link":"https:\/\/kontornu.com\/?p=191","title":{"rendered":"Festival Kontronu 5\u00aa edi\u00e7\u00e3o 2027"},"content":{"rendered":"\n<figure class=\"wp-block-image size-large\"><img fetchpriority=\"high\" decoding=\"async\" width=\"1024\" height=\"576\" src=\"https:\/\/kontornu.com\/wp-content\/uploads\/2026\/08\/732889353_866335492768488_7322218849797086038_n-2-1024x576.jpeg\" alt=\"\" class=\"wp-image-160\" srcset=\"https:\/\/kontornu.com\/wp-content\/uploads\/2026\/08\/732889353_866335492768488_7322218849797086038_n-2-1024x576.jpeg 1024w, https:\/\/kontornu.com\/wp-content\/uploads\/2026\/08\/732889353_866335492768488_7322218849797086038_n-2-300x169.jpeg 300w, https:\/\/kontornu.com\/wp-content\/uploads\/2026\/08\/732889353_866335492768488_7322218849797086038_n-2-1536x864.jpeg 1536w, https:\/\/kontornu.com\/wp-content\/uploads\/2026\/08\/732889353_866335492768488_7322218849797086038_n-2-600x338.jpeg 600w, https:\/\/kontornu.com\/wp-content\/uploads\/2026\/08\/732889353_866335492768488_7322218849797086038_n-2-1200x675.jpeg 1200w, https:\/\/kontornu.com\/wp-content\/uploads\/2026\/08\/732889353_866335492768488_7322218849797086038_n-2.jpeg 1600w\" sizes=\"(max-width: 1024px) 100vw, 1024px\" \/><\/figure>\n\n\n\n<p class=\"wp-block-paragraph\">O&nbsp;<strong>Festival Internacional de Dan\u00e7a e Artes Performativas Kontornu<\/strong>&nbsp;\u00e9 o principal projeto da plataforma e acontece anualmente durante o m\u00eas de&nbsp;<strong>maio<\/strong>&nbsp;em Cabo Verde.<\/p>\n\n\n\n<p class=\"wp-block-paragraph\">O Festival \u00e9 concebido como uma plataforma internacional de&nbsp;<strong>cria\u00e7\u00e3o, circula\u00e7\u00e3o, pensamento e encontro<\/strong>, colocando artistas cabo-verdianos e internacionais em contacto com criadores, companhias, programadores, curadores e institui\u00e7\u00f5es de diferentes geografias.<\/p>\n\n\n\n<p class=\"wp-block-paragraph\">As datas j\u00e1 est\u00e3o marcadas! A 5.\u00aa edi\u00e7\u00e3o do Festival Kontornu acontece de 10 a 15 de maio de 2027, na Ilha de Santiago, Cabo Verde para mais uma celebra\u00e7\u00e3o da dan\u00e7a e das artes performativas, com artistas, p\u00fablicos e encontros vindos de diferentes partes do mundo. Mais Informa\u00e7\u00f5es brevemente!<\/p>\n","protected":false},"excerpt":{"rendered":"<p>O&nbsp;Festival Internacional de Dan\u00e7a e Artes Performativas Kontornu&nbsp;\u00e9 o principal projeto da plataforma e acontece anualmente durante o m\u00eas de&nbsp;maio&nbsp;em Cabo Verde. O Festival \u00e9 concebido como uma plataforma internacional de&nbsp;cria\u00e7\u00e3o, circula\u00e7\u00e3o, pensamento e encontro, colocando artistas cabo-verdianos e internacionais em contacto com criadores, companhias, programadores, curadores e institui\u00e7\u00f5es de diferentes geografias. As datas j\u00e1 est\u00e3o marcadas! A 5.\u00aa edi\u00e7\u00e3o do Festival Kontornu acontece de 10 a 15 de maio de 2027, na Ilha de Santiago, Cabo Verde para mais uma celebra\u00e7\u00e3o da dan\u00e7a e das artes performativas, com artistas, p\u00fablicos e encontros vindos de diferentes partes do mundo. Mais Informa\u00e7\u00f5es brevemente!<\/p>\n","protected":false},"author":1,"featured_media":160,"comment_status":"closed","ping_status":"closed","sticky":false,"template":"","format":"standard","meta":{"_editorskit_title_hidden":false,"_editorskit_reading_time":0,"_editorskit_is_block_options_detached":false,"_editorskit_block_options_position":"{}","footnotes":""},"categories":[6],"tags":[],"class_list":["post-191","post","type-post","status-publish","format-standard","has-post-thumbnail","hentry","category-festivalkontornu"],"featured_media_urls":{"thumbnail":["https:\/\/kontornu.com\/wp-content\/uploads\/2026\/08\/732889353_866335492768488_7322218849797086038_n-2-150x150.jpeg",150,150,true],"medium":["https:\/\/kontornu.com\/wp-content\/uploads\/2026\/08\/732889353_866335492768488_7322218849797086038_n-2-300x169.jpeg",300,169,true],"medium_large":["https:\/\/kontornu.com\/wp-content\/uploads\/2026\/08\/732889353_866335492768488_7322218849797086038_n-2.jpeg",768,432,false],"large":["https:\/\/kontornu.com\/wp-content\/uploads\/2026\/08\/732889353_866335492768488_7322218849797086038_n-2-1024x576.jpeg",950,534,true],"1536x1536":["https:\/\/kontornu.com\/wp-content\/uploads\/2026\/08\/732889353_866335492768488_7322218849797086038_n-2-1536x864.jpeg",1536,864,true],"2048x2048":["https:\/\/kontornu.com\/wp-content\/uploads\/2026\/08\/732889353_866335492768488_7322218849797086038_n-2.jpeg",1600,900,false],"inspiro-featured-image":["https:\/\/kontornu.com\/wp-content\/uploads\/2026\/08\/732889353_866335492768488_7322218849797086038_n-2.jpeg",1600,900,false],"inspiro-loop":["https:\/\/kontornu.com\/wp-content\/uploads\/2026\/08\/732889353_866335492768488_7322218849797086038_n-2-950x320.jpeg",950,320,true],"inspiro-loop@2x":["https:\/\/kontornu.com\/wp-content\/uploads\/2026\/08\/732889353_866335492768488_7322218849797086038_n-2-1600x640.jpeg",1600,640,true],"portfolio_item-thumbnail":["https:\/\/kontornu.com\/wp-content\/uploads\/2026\/08\/732889353_866335492768488_7322218849797086038_n-2-600x400.jpeg",600,400,true],"portfolio_item-thumbnail@2x":["https:\/\/kontornu.com\/wp-content\/uploads\/2026\/08\/732889353_866335492768488_7322218849797086038_n-2-1200x800.jpeg",1200,800,true],"portfolio_item-masonry":["https:\/\/kontornu.com\/wp-content\/uploads\/2026\/08\/732889353_866335492768488_7322218849797086038_n-2-600x338.jpeg",600,338,true],"portfolio_item-masonry@2x":["https:\/\/kontornu.com\/wp-content\/uploads\/2026\/08\/732889353_866335492768488_7322218849797086038_n-2-1200x675.jpeg",1200,675,true],"portfolio_item-thumbnail_cinema":["https:\/\/kontornu.com\/wp-content\/uploads\/2026\/08\/732889353_866335492768488_7322218849797086038_n-2-800x335.jpeg",800,335,true],"portfolio_item-thumbnail_portrait":["https:\/\/kontornu.com\/wp-content\/uploads\/2026\/08\/732889353_866335492768488_7322218849797086038_n-2-600x900.jpeg",600,900,true],"portfolio_item-thumbnail_portrait@2x":["https:\/\/kontornu.com\/wp-content\/uploads\/2026\/08\/732889353_866335492768488_7322218849797086038_n-2-1200x900.jpeg",1200,900,true],"portfolio_item-thumbnail_square":["https:\/\/kontornu.com\/wp-content\/uploads\/2026\/08\/732889353_866335492768488_7322218849797086038_n-2-800x800.jpeg",800,800,true]},"_links":{"self":[{"href":"https:\/\/kontornu.com\/index.php?rest_route=\/wp\/v2\/posts\/191","targetHints":{"allow":["GET"]}}],"collection":[{"href":"https:\/\/kontornu.com\/index.php?rest_route=\/wp\/v2\/posts"}],"about":[{"href":"https:\/\/kontornu.com\/index.php?rest_route=\/wp\/v2\/types\/post"}],"author":[{"embeddable":true,"href":"https:\/\/kontornu.com\/index.php?rest_route=\/wp\/v2\/users\/1"}],"replies":[{"embeddable":true,"href":"https:\/\/kontornu.com\/index.php?rest_route=%2Fwp%2Fv2%2Fcomments&post=191"}],"version-history":[{"count":3,"href":"https:\/\/kontornu.com\/index.php?rest_route=\/wp\/v2\/posts\/191\/revisions"}],"predecessor-version":[{"id":440,"href":"https:\/\/kontornu.com\/index.php?rest_route=\/wp\/v2\/posts\/191\/revisions\/440"}],"wp:featuredmedia":[{"embeddable":true,"href":"https:\/\/kontornu.com\/index.php?rest_route=\/wp\/v2\/media\/160"}],"wp:attachment":[{"href":"https:\/\/kontornu.com\/index.php?rest_route=%2Fwp%2Fv2%2Fmedia&parent=191"}],"wp:term":[{"taxonomy":"category","embeddable":true,"href":"https:\/\/kontornu.com\/index.php?rest_route=%2Fwp%2Fv2%2Fcategories&post=191"},{"taxonomy":"post_tag","embeddable":true,"href":"https:\/\/kontornu.com\/index.php?rest_route=%2Fwp%2Fv2%2Ftags&post=191"}],"curies":[{"name":"wp","href":"https:\/\/api.w.org\/{rel}","templated":true}]}}